{"id":6992,"date":"2024-05-20T16:15:39","date_gmt":"2024-05-20T22:15:39","guid":{"rendered":"https:\/\/sinfiltronoticias.com\/?p=6992"},"modified":"2024-05-20T16:15:39","modified_gmt":"2024-05-20T22:15:39","slug":"denunciara-pri-a-titular-de-transporte-del-estado-por-abuso-de-poder-amenazas-y-bloqueo-a-ciudadanos","status":"publish","type":"post","link":"https:\/\/sinfiltronoticias.com\/index.php\/2024\/05\/20\/denunciara-pri-a-titular-de-transporte-del-estado-por-abuso-de-poder-amenazas-y-bloqueo-a-ciudadanos\/","title":{"rendered":"Denunciar\u00e1 PRI a titular de Transporte del Estado por abuso de poder, amenazas y bloqueo a ciudadanos\u00a0"},"content":{"rendered":"<p>*El gobierno de Cuitl\u00e1huac y su candidata de la continuidad est\u00e1n desesperados, Veracruz es libre y defender\u00e1 la victoria de Pepe Yunes: PRI*<\/p>\n<p>*Amedrentaron a transportistas con quitarles sus concesiones si apoyan a Pepe Yunes; se tienen reportes de taxistas que van a coaccionar votantes de Morena el 2 de junio.*<\/p>\n<p>Xalapa, Ver.- El Director General de Transporte en Veracruz, Angel Alarc\u00f3n Palmeros, ser\u00e1 denunciado ante la Fiscal\u00eda General del Estado, luego de las amenazas y bloqueos contra transportistas, ciudadanos y simpatizantes de la Coalici\u00f3n Fuerza y Coraz\u00f3n por Veracruz, y nuestro candidato a la gubernatura, Pepe Yunes, advirti\u00f3 Adolfo Ram\u00edrez Arana, presidente del CDE del PRI en la entidad.<\/p>\n<p>\u201cAngel Alarc\u00f3n, abus\u00f3 del poder e hizo retenci\u00f3n ilegal de las unidades de uso particular, no tiene nada que hacer Transporte del Estado deteniendo veh\u00edculos particulares, los oficiales dijeron que lo ordenaba el uno, y dicho por ellos mismos, advirtieron a los transportistas que se les iba a quitar las concesiones por apoyar a la coalici\u00f3n Fuerza y Coraz\u00f3n por Veracruz\u201d, dijo en conferencia de prensa este lunes.<\/p>\n<p>Con la presencia de Lorena Pi\u00f1\u00f3n Rivera, diputada federal y secretaria general del CDE; Eleaney Sesma, secretaria adjunta a la presidencia; Yolanda Lagunes L\u00f3pez, presidenta del ONMPRI en Veracruz y candidata a la diputaci\u00f3n local plurinominal, y de Malaika Michaud, integrante de la brigada que fue detenida ayer cuando se dirig\u00edan a Yanga al encuentro de Pepe Yunes con el sector agropecuario, enfatiz\u00f3 que los elementos de Transporte del Estado violentaron la ley.<\/p>\n<p>\u201cEstaban deteniendo a veh\u00edculos que transportaban a simpatizantes, a ca\u00f1eros, para amedrentarlos, y bloquear que llegaran al evento; no hemos visto ning\u00fan operativo de estos en los movimientos que hace todos los d\u00edas la candidata zacatecana Roc\u00edo Nahle, porque todos los d\u00edas para sus m\u00edtines acarrea gente de un lugar a otro; incluso a los transportistas los amenazaron con quitarles sus concesiones si daban el servicio para transportar a gente para los eventos de Pepe Yunes\u201d.<\/p>\n<p>\u201cNos gustar\u00eda que pasaran el reporte de las unidades con alguna anomal\u00eda y con las circunstancias para detenerlas, porque no las hab\u00eda, era solo una instrucci\u00f3n de su jefe Cuitl\u00e1huac Garc\u00eda Jim\u00e9nez, gobernador de Veracruz y de Angel Alarc\u00f3n Palmeros, director de Transporte del Estado, por eso vamos a denunciar\u201d, reiter\u00f3.<\/p>\n<p>Se\u00f1al\u00f3 que tambi\u00e9n cuentan con reportes de taxistas que van a coaccionar votantes de Morena para la elecci\u00f3n del pr\u00f3ximo 2 de junio, situaci\u00f3n que se est\u00e1 documentando y de igual forma se denunciar\u00e1 porque es un delito.<\/p>\n<p>Adolfo Ram\u00edrez Arana enfatiz\u00f3 que en todas las encuestas serias, hoy Pepe Yunes se consolida como el candidato que va a ganar la pr\u00f3xima elecci\u00f3n, y eso ha causado desesperaci\u00f3n del gobierno de Morena. \u201cLa pesadilla va a terminar, no pueden hacer uso de los recursos p\u00fablicos para beneficiar a quien va en ca\u00edda Roc\u00edo Nahle, no hay forma de que ganen la elecci\u00f3n, por eso intentar\u00e1n hacer trampa pero no nos vamos a dejar los ciudadanos, vamos a defender el voto\u201d.<\/p>\n","protected":false},"excerpt":{"rendered":"<p>*El gobierno de Cuitl\u00e1huac y su candidata de la continuidad est\u00e1n desesperados, Veracruz es libre&#8230;<\/p>\n","protected":false},"author":1,"featured_media":6993,"comment_status":"open","ping_status":"closed","sticky":false,"template":"","format":"standard","meta":{"_jetpack_memberships_contains_paid_content":false,"footnotes":""},"categories":[2],"tags":[],"class_list":["post-6992","post","type-post","status-publish","format-standard","has-post-thumbnail","hentry","category-estatal"],"jetpack_featured_media_url":"https:\/\/sinfiltronoticias.com\/wp-content\/uploads\/2024\/05\/IMG-20240520-WA0190.jpg","jetpack-related-posts":[],"jetpack_sharing_enabled":true,"_links":{"self":[{"href":"https:\/\/sinfiltronoticias.com\/index.php\/wp-json\/wp\/v2\/posts\/6992","targetHints":{"allow":["GET"]}}],"collection":[{"href":"https:\/\/sinfiltronoticias.com\/index.php\/wp-json\/wp\/v2\/posts"}],"about":[{"href":"https:\/\/sinfiltronoticias.com\/index.php\/wp-json\/wp\/v2\/types\/post"}],"author":[{"embeddable":true,"href":"https:\/\/sinfiltronoticias.com\/index.php\/wp-json\/wp\/v2\/users\/1"}],"replies":[{"embeddable":true,"href":"https:\/\/sinfiltronoticias.com\/index.php\/wp-json\/wp\/v2\/comments?post=6992"}],"version-history":[{"count":1,"href":"https:\/\/sinfiltronoticias.com\/index.php\/wp-json\/wp\/v2\/posts\/6992\/revisions"}],"predecessor-version":[{"id":6994,"href":"https:\/\/sinfiltronoticias.com\/index.php\/wp-json\/wp\/v2\/posts\/6992\/revisions\/6994"}],"wp:featuredmedia":[{"embeddable":true,"href":"https:\/\/sinfiltronoticias.com\/index.php\/wp-json\/wp\/v2\/media\/6993"}],"wp:attachment":[{"href":"https:\/\/sinfiltronoticias.com\/index.php\/wp-json\/wp\/v2\/media?parent=6992"}],"wp:term":[{"taxonomy":"category","embeddable":true,"href":"https:\/\/sinfiltronoticias.com\/index.php\/wp-json\/wp\/v2\/categories?post=6992"},{"taxonomy":"post_tag","embeddable":true,"href":"https:\/\/sinfiltronoticias.com\/index.php\/wp-json\/wp\/v2\/tags?post=6992"}],"curies":[{"name":"wp","href":"https:\/\/api.w.org\/{rel}","templated":true}]}}