{"id":3222,"date":"2023-12-25T15:15:32","date_gmt":"2023-12-25T21:15:32","guid":{"rendered":"https:\/\/sinfiltronoticias.com\/?p=3222"},"modified":"2023-12-25T15:15:32","modified_gmt":"2023-12-25T21:15:32","slug":"en-2024-no-habra-mas-impuestos-en-veracruz-asegura-lima-franco","status":"publish","type":"post","link":"https:\/\/sinfiltronoticias.com\/index.php\/2023\/12\/25\/en-2024-no-habra-mas-impuestos-en-veracruz-asegura-lima-franco\/","title":{"rendered":"En 2024 no habr\u00e1 m\u00e1s impuestos en Veracruz, asegura Lima Franco"},"content":{"rendered":"<p>Yhadira Paredes<\/p>\n<p>Xalapa, Ver.- El titular de la Secretar\u00eda de Finanzas y Planeaci\u00f3n del Estado (SEFIPLAN), Jos\u00e9 Luis Lima Franco aclar\u00f3 que no habr\u00e1 aumento a los impuestos estatales ni mucho menos creaci\u00f3n de otros durante 2024.<\/p>\n<p>En entrevista, se\u00f1al\u00f3 que solo se prev\u00e9 las actualizaciones de los grav\u00e1menes ya existentes, de acuerdo a la inflaci\u00f3n, pero no aumentos sustanciales.<\/p>\n<p>Adem\u00e1s, adelant\u00f3 que el pago de la tenencia de autom\u00f3viles se tendr\u00e1 que hacer en los primeros meses del a\u00f1o y para aquellos propietarios que van al corriente con sus pagos, solo deber\u00e1n hacer el pago de derechos vehiculares.<\/p>\n<p>ECONOM\u00cdAS QUE SE TIENEN EN GOBIERNO\u00a0SE REDIRIGEN A PAGO DE N\u00d3MINA<\/p>\n<p>Por otra parte, Lima Franco cuestionado en torno a que el presupuesto que se ejercer\u00e1 en el ejercicio fiscal 2024 es menor al actual, se\u00f1al\u00f3 que son parte de las provisiones que se realizan por el tema de sentencias y laudos.<\/p>\n<p>\u201cSon parte de la provisiones que se hacen, son parte de algunos temas, sentencias, de acuerdo a la estimaci\u00f3n que traemos es que se va a ejercer menos. La mayor\u00eda de estas econom\u00edas se ir\u00e1n a gasto corriente\u201d.<\/p>\n<p>Adem\u00e1s de garantizar el tema de las n\u00f3minas y aguinaldo de los maestros del estado, es ese sentido es donde m\u00e1s se va el tema del dinero, finaliz\u00f3.<\/p>\n","protected":false},"excerpt":{"rendered":"<p>Yhadira Paredes Xalapa, Ver.- El titular de la Secretar\u00eda de Finanzas y Planeaci\u00f3n del Estado&#8230;<\/p>\n","protected":false},"author":1,"featured_media":3223,"comment_status":"open","ping_status":"closed","sticky":false,"template":"","format":"standard","meta":{"_jetpack_memberships_contains_paid_content":false,"footnotes":""},"categories":[2],"tags":[],"class_list":["post-3222","post","type-post","status-publish","format-standard","has-post-thumbnail","hentry","category-estatal"],"jetpack_featured_media_url":"https:\/\/sinfiltronoticias.com\/wp-content\/uploads\/2023\/12\/IMG-20231225-WA0040.jpg","jetpack-related-posts":[],"jetpack_sharing_enabled":true,"_links":{"self":[{"href":"https:\/\/sinfiltronoticias.com\/index.php\/wp-json\/wp\/v2\/posts\/3222","targetHints":{"allow":["GET"]}}],"collection":[{"href":"https:\/\/sinfiltronoticias.com\/index.php\/wp-json\/wp\/v2\/posts"}],"about":[{"href":"https:\/\/sinfiltronoticias.com\/index.php\/wp-json\/wp\/v2\/types\/post"}],"author":[{"embeddable":true,"href":"https:\/\/sinfiltronoticias.com\/index.php\/wp-json\/wp\/v2\/users\/1"}],"replies":[{"embeddable":true,"href":"https:\/\/sinfiltronoticias.com\/index.php\/wp-json\/wp\/v2\/comments?post=3222"}],"version-history":[{"count":1,"href":"https:\/\/sinfiltronoticias.com\/index.php\/wp-json\/wp\/v2\/posts\/3222\/revisions"}],"predecessor-version":[{"id":3224,"href":"https:\/\/sinfiltronoticias.com\/index.php\/wp-json\/wp\/v2\/posts\/3222\/revisions\/3224"}],"wp:featuredmedia":[{"embeddable":true,"href":"https:\/\/sinfiltronoticias.com\/index.php\/wp-json\/wp\/v2\/media\/3223"}],"wp:attachment":[{"href":"https:\/\/sinfiltronoticias.com\/index.php\/wp-json\/wp\/v2\/media?parent=3222"}],"wp:term":[{"taxonomy":"category","embeddable":true,"href":"https:\/\/sinfiltronoticias.com\/index.php\/wp-json\/wp\/v2\/categories?post=3222"},{"taxonomy":"post_tag","embeddable":true,"href":"https:\/\/sinfiltronoticias.com\/index.php\/wp-json\/wp\/v2\/tags?post=3222"}],"curies":[{"name":"wp","href":"https:\/\/api.w.org\/{rel}","templated":true}]}}